{"id":5797,"date":"2015-05-15T18:32:51","date_gmt":"2015-05-15T18:32:51","guid":{"rendered":"https:\/\/www.revistasur.cl\/revistasur.cl\/?p=5797"},"modified":"2019-06-20T20:32:15","modified_gmt":"2019-06-20T20:32:15","slug":"chile-a-todo-color-capitulo-6-temporada-2-viviendas-sociales-musica-y-mas","status":"publish","type":"post","link":"https:\/\/www.revistasur.cl\/revistasur.cl\/2015\/05\/chile-a-todo-color-capitulo-6-temporada-2-viviendas-sociales-musica-y-mas\/","title":{"rendered":"Chile a todo Color &#8211; Cap\u00edtulo 6 Temporada 2 &#8216;Viviendas Sociales, M\u00fasica y M\u00e1s&#8217;"},"content":{"rendered":"<p><iframe loading=\"lazy\" id=\"audio_4501732\" style=\"border: 1px solid #EEE; box-sizing: border-box; width: 100%;\" src=\"http:\/\/www.ivoox.com\/player_ej_4501732_4_1.html?c1=dd3333\" width=\"300\" height=\"200\" frameborder=\"0\" scrolling=\"no\" allowfullscreen=\"allowfullscreen\"><\/iframe><\/p>\n<p style=\"text-align: justify;\">Chile en boca Ajena. Chile Pa\u00eds avestruz, metemos la cabeza para no ver algunas situaciones que pasan. De todo esto conversaremos en nuestro comentario editori al.<br \/>\nEn nuestra secci\u00f3n La Maleta hoy conversamos con el core\u00f3grafo cubano Omar Olano y en Preguntas Frecuentes respondemos acerca de la postulaci\u00f3n a la vivienda social.<br \/>\nDatos, m\u00fasica, compa\u00f1\u00eda, provocaci\u00f3n, risas, radio. Siempre a todo Color.<\/p>\n","protected":false},"excerpt":{"rendered":"<p>Chile en boca Ajena. Chile Pa\u00eds avestruz, metemos la cabeza para no ver algunas situaciones que pasan. De todo esto conversaremos en nuestro comentario editori al. En nuestra secci\u00f3n La Maleta hoy conversamos con el core\u00f3grafo cubano Omar Olano y en Preguntas Frecuentes respondemos acerca de la postulaci\u00f3n a la vivienda social. Datos, m\u00fasica, compa\u00f1\u00eda,&#8230;<\/p>\n","protected":false},"author":16,"featured_media":5798,"comment_status":"open","ping_status":"open","sticky":false,"template":"","format":"standard","meta":{"footnotes":""},"categories":[345],"tags":[43,45,61,408,374],"yoast_head":"<!-- This site is optimized with the Yoast SEO plugin v22.7 - https:\/\/yoast.com\/wordpress\/plugins\/seo\/ -->\n<title>Chile a todo Color - Cap\u00edtulo 6 Temporada 2 &#039;Viviendas Sociales, M\u00fasica y M\u00e1s&#039; - Revista Sur<\/title>\n<meta name=\"robots\" content=\"index, follow, max-snippet:-1, max-image-preview:large, max-video-preview:-1\" \/>\n<link rel=\"canonical\" href=\"https:\/\/www.revistasur.cl\/revistasur.cl\/2015\/05\/chile-a-todo-color-capitulo-6-temporada-2-viviendas-sociales-musica-y-mas\/\" \/>\n<meta property=\"og:locale\" content=\"es_ES\" \/>\n<meta property=\"og:type\" content=\"article\" \/>\n<meta property=\"og:title\" content=\"Chile a todo Color - Cap\u00edtulo 6 Temporada 2 &#039;Viviendas Sociales, M\u00fasica y M\u00e1s&#039; - Revista Sur\" \/>\n<meta property=\"og:description\" content=\"Chile en boca Ajena. Chile Pa\u00eds avestruz, metemos la cabeza para no ver algunas situaciones que pasan. De todo esto conversaremos en nuestro comentario editori al. En nuestra secci\u00f3n La Maleta hoy conversamos con el core\u00f3grafo cubano Omar Olano y en Preguntas Frecuentes respondemos acerca de la postulaci\u00f3n a la vivienda social. Datos, m\u00fasica, compa\u00f1\u00eda,...\" \/>\n<meta property=\"og:url\" content=\"https:\/\/www.revistasur.cl\/revistasur.cl\/2015\/05\/chile-a-todo-color-capitulo-6-temporada-2-viviendas-sociales-musica-y-mas\/\" \/>\n<meta property=\"og:site_name\" content=\"Revista Sur\" \/>\n<meta property=\"article:published_time\" content=\"2015-05-15T18:32:51+00:00\" \/>\n<meta property=\"article:modified_time\" content=\"2019-06-20T20:32:15+00:00\" \/>\n<meta property=\"og:image\" content=\"https:\/\/www.revistasur.cl\/wp-content\/uploads\/2015\/05\/PORTADA-6.jpg\" \/>\n\t<meta property=\"og:image:width\" content=\"319\" \/>\n\t<meta property=\"og:image:height\" content=\"165\" \/>\n\t<meta property=\"og:image:type\" content=\"image\/jpeg\" \/>\n<meta name=\"author\" content=\"Revista Sur\" \/>\n<meta name=\"twitter:card\" content=\"summary_large_image\" \/>\n<meta name=\"twitter:label1\" content=\"Escrito por\" \/>\n\t<meta name=\"twitter:data1\" content=\"Revista Sur\" \/>\n<script type=\"application\/ld+json\" class=\"yoast-schema-graph\">{\"@context\":\"https:\/\/schema.org\",\"@graph\":[{\"@type\":\"WebPage\",\"@id\":\"https:\/\/www.revistasur.cl\/revistasur.cl\/2015\/05\/chile-a-todo-color-capitulo-6-temporada-2-viviendas-sociales-musica-y-mas\/\",\"url\":\"https:\/\/www.revistasur.cl\/revistasur.cl\/2015\/05\/chile-a-todo-color-capitulo-6-temporada-2-viviendas-sociales-musica-y-mas\/\",\"name\":\"Chile a todo Color - Cap\u00edtulo 6 Temporada 2 'Viviendas Sociales, M\u00fasica y M\u00e1s' - Revista Sur\",\"isPartOf\":{\"@id\":\"https:\/\/www.revistasur.cl\/revistasur.cl\/#website\"},\"primaryImageOfPage\":{\"@id\":\"https:\/\/www.revistasur.cl\/revistasur.cl\/2015\/05\/chile-a-todo-color-capitulo-6-temporada-2-viviendas-sociales-musica-y-mas\/#primaryimage\"},\"image\":{\"@id\":\"https:\/\/www.revistasur.cl\/revistasur.cl\/2015\/05\/chile-a-todo-color-capitulo-6-temporada-2-viviendas-sociales-musica-y-mas\/#primaryimage\"},\"thumbnailUrl\":\"https:\/\/www.revistasur.cl\/wp-content\/uploads\/2015\/05\/PORTADA-6.jpg\",\"datePublished\":\"2015-05-15T18:32:51+00:00\",\"dateModified\":\"2019-06-20T20:32:15+00:00\",\"author\":{\"@id\":\"https:\/\/www.revistasur.cl\/revistasur.cl\/#\/schema\/person\/482c2624aafc4c9900f9bda208557eab\"},\"breadcrumb\":{\"@id\":\"https:\/\/www.revistasur.cl\/revistasur.cl\/2015\/05\/chile-a-todo-color-capitulo-6-temporada-2-viviendas-sociales-musica-y-mas\/#breadcrumb\"},\"inLanguage\":\"es\",\"potentialAction\":[{\"@type\":\"ReadAction\",\"target\":[\"https:\/\/www.revistasur.cl\/revistasur.cl\/2015\/05\/chile-a-todo-color-capitulo-6-temporada-2-viviendas-sociales-musica-y-mas\/\"]}]},{\"@type\":\"ImageObject\",\"inLanguage\":\"es\",\"@id\":\"https:\/\/www.revistasur.cl\/revistasur.cl\/2015\/05\/chile-a-todo-color-capitulo-6-temporada-2-viviendas-sociales-musica-y-mas\/#primaryimage\",\"url\":\"https:\/\/www.revistasur.cl\/wp-content\/uploads\/2015\/05\/PORTADA-6.jpg\",\"contentUrl\":\"https:\/\/www.revistasur.cl\/wp-content\/uploads\/2015\/05\/PORTADA-6.jpg\",\"width\":319,\"height\":165},{\"@type\":\"BreadcrumbList\",\"@id\":\"https:\/\/www.revistasur.cl\/revistasur.cl\/2015\/05\/chile-a-todo-color-capitulo-6-temporada-2-viviendas-sociales-musica-y-mas\/#breadcrumb\",\"itemListElement\":[{\"@type\":\"ListItem\",\"position\":1,\"name\":\"Portada\",\"item\":\"https:\/\/www.revistasur.cl\/revistasur.cl\/\"},{\"@type\":\"ListItem\",\"position\":2,\"name\":\"Chile a todo Color &#8211; Cap\u00edtulo 6 Temporada 2 &#8216;Viviendas Sociales, M\u00fasica y M\u00e1s&#8217;\"}]},{\"@type\":\"WebSite\",\"@id\":\"https:\/\/www.revistasur.cl\/revistasur.cl\/#website\",\"url\":\"https:\/\/www.revistasur.cl\/revistasur.cl\/\",\"name\":\"Revista Sur\",\"description\":\"Donde la Migraci\u00f3n no es minor\u00eda\",\"potentialAction\":[{\"@type\":\"SearchAction\",\"target\":{\"@type\":\"EntryPoint\",\"urlTemplate\":\"https:\/\/www.revistasur.cl\/revistasur.cl\/?s={search_term_string}\"},\"query-input\":\"required name=search_term_string\"}],\"inLanguage\":\"es\"},{\"@type\":\"Person\",\"@id\":\"https:\/\/www.revistasur.cl\/revistasur.cl\/#\/schema\/person\/482c2624aafc4c9900f9bda208557eab\",\"name\":\"Revista Sur\",\"description\":\"Agregar informaci\u00f3n biografica sobre la revista\",\"sameAs\":[\"http:\/\/www.revistasur.cl\"],\"url\":\"https:\/\/www.revistasur.cl\/revistasur.cl\/author\/revistasur\/\"}]}<\/script>\n<!-- \/ Yoast SEO plugin. -->","yoast_head_json":{"title":"Chile a todo Color - Cap\u00edtulo 6 Temporada 2 'Viviendas Sociales, M\u00fasica y M\u00e1s' - Revista Sur","robots":{"index":"index","follow":"follow","max-snippet":"max-snippet:-1","max-image-preview":"max-image-preview:large","max-video-preview":"max-video-preview:-1"},"canonical":"https:\/\/www.revistasur.cl\/revistasur.cl\/2015\/05\/chile-a-todo-color-capitulo-6-temporada-2-viviendas-sociales-musica-y-mas\/","og_locale":"es_ES","og_type":"article","og_title":"Chile a todo Color - Cap\u00edtulo 6 Temporada 2 'Viviendas Sociales, M\u00fasica y M\u00e1s' - Revista Sur","og_description":"Chile en boca Ajena. Chile Pa\u00eds avestruz, metemos la cabeza para no ver algunas situaciones que pasan. De todo esto conversaremos en nuestro comentario editori al. En nuestra secci\u00f3n La Maleta hoy conversamos con el core\u00f3grafo cubano Omar Olano y en Preguntas Frecuentes respondemos acerca de la postulaci\u00f3n a la vivienda social. Datos, m\u00fasica, compa\u00f1\u00eda,...","og_url":"https:\/\/www.revistasur.cl\/revistasur.cl\/2015\/05\/chile-a-todo-color-capitulo-6-temporada-2-viviendas-sociales-musica-y-mas\/","og_site_name":"Revista Sur","article_published_time":"2015-05-15T18:32:51+00:00","article_modified_time":"2019-06-20T20:32:15+00:00","og_image":[{"width":319,"height":165,"url":"https:\/\/www.revistasur.cl\/wp-content\/uploads\/2015\/05\/PORTADA-6.jpg","type":"image\/jpeg"}],"author":"Revista Sur","twitter_card":"summary_large_image","twitter_misc":{"Escrito por":"Revista Sur"},"schema":{"@context":"https:\/\/schema.org","@graph":[{"@type":"WebPage","@id":"https:\/\/www.revistasur.cl\/revistasur.cl\/2015\/05\/chile-a-todo-color-capitulo-6-temporada-2-viviendas-sociales-musica-y-mas\/","url":"https:\/\/www.revistasur.cl\/revistasur.cl\/2015\/05\/chile-a-todo-color-capitulo-6-temporada-2-viviendas-sociales-musica-y-mas\/","name":"Chile a todo Color - Cap\u00edtulo 6 Temporada 2 'Viviendas Sociales, M\u00fasica y M\u00e1s' - Revista Sur","isPartOf":{"@id":"https:\/\/www.revistasur.cl\/revistasur.cl\/#website"},"primaryImageOfPage":{"@id":"https:\/\/www.revistasur.cl\/revistasur.cl\/2015\/05\/chile-a-todo-color-capitulo-6-temporada-2-viviendas-sociales-musica-y-mas\/#primaryimage"},"image":{"@id":"https:\/\/www.revistasur.cl\/revistasur.cl\/2015\/05\/chile-a-todo-color-capitulo-6-temporada-2-viviendas-sociales-musica-y-mas\/#primaryimage"},"thumbnailUrl":"https:\/\/www.revistasur.cl\/wp-content\/uploads\/2015\/05\/PORTADA-6.jpg","datePublished":"2015-05-15T18:32:51+00:00","dateModified":"2019-06-20T20:32:15+00:00","author":{"@id":"https:\/\/www.revistasur.cl\/revistasur.cl\/#\/schema\/person\/482c2624aafc4c9900f9bda208557eab"},"breadcrumb":{"@id":"https:\/\/www.revistasur.cl\/revistasur.cl\/2015\/05\/chile-a-todo-color-capitulo-6-temporada-2-viviendas-sociales-musica-y-mas\/#breadcrumb"},"inLanguage":"es","potentialAction":[{"@type":"ReadAction","target":["https:\/\/www.revistasur.cl\/revistasur.cl\/2015\/05\/chile-a-todo-color-capitulo-6-temporada-2-viviendas-sociales-musica-y-mas\/"]}]},{"@type":"ImageObject","inLanguage":"es","@id":"https:\/\/www.revistasur.cl\/revistasur.cl\/2015\/05\/chile-a-todo-color-capitulo-6-temporada-2-viviendas-sociales-musica-y-mas\/#primaryimage","url":"https:\/\/www.revistasur.cl\/wp-content\/uploads\/2015\/05\/PORTADA-6.jpg","contentUrl":"https:\/\/www.revistasur.cl\/wp-content\/uploads\/2015\/05\/PORTADA-6.jpg","width":319,"height":165},{"@type":"BreadcrumbList","@id":"https:\/\/www.revistasur.cl\/revistasur.cl\/2015\/05\/chile-a-todo-color-capitulo-6-temporada-2-viviendas-sociales-musica-y-mas\/#breadcrumb","itemListElement":[{"@type":"ListItem","position":1,"name":"Portada","item":"https:\/\/www.revistasur.cl\/revistasur.cl\/"},{"@type":"ListItem","position":2,"name":"Chile a todo Color &#8211; Cap\u00edtulo 6 Temporada 2 &#8216;Viviendas Sociales, M\u00fasica y M\u00e1s&#8217;"}]},{"@type":"WebSite","@id":"https:\/\/www.revistasur.cl\/revistasur.cl\/#website","url":"https:\/\/www.revistasur.cl\/revistasur.cl\/","name":"Revista Sur","description":"Donde la Migraci\u00f3n no es minor\u00eda","potentialAction":[{"@type":"SearchAction","target":{"@type":"EntryPoint","urlTemplate":"https:\/\/www.revistasur.cl\/revistasur.cl\/?s={search_term_string}"},"query-input":"required name=search_term_string"}],"inLanguage":"es"},{"@type":"Person","@id":"https:\/\/www.revistasur.cl\/revistasur.cl\/#\/schema\/person\/482c2624aafc4c9900f9bda208557eab","name":"Revista Sur","description":"Agregar informaci\u00f3n biografica sobre la revista","sameAs":["http:\/\/www.revistasur.cl"],"url":"https:\/\/www.revistasur.cl\/revistasur.cl\/author\/revistasur\/"}]}},"_links":{"self":[{"href":"https:\/\/www.revistasur.cl\/revistasur.cl\/wp-json\/wp\/v2\/posts\/5797"}],"collection":[{"href":"https:\/\/www.revistasur.cl\/revistasur.cl\/wp-json\/wp\/v2\/posts"}],"about":[{"href":"https:\/\/www.revistasur.cl\/revistasur.cl\/wp-json\/wp\/v2\/types\/post"}],"author":[{"embeddable":true,"href":"https:\/\/www.revistasur.cl\/revistasur.cl\/wp-json\/wp\/v2\/users\/16"}],"replies":[{"embeddable":true,"href":"https:\/\/www.revistasur.cl\/revistasur.cl\/wp-json\/wp\/v2\/comments?post=5797"}],"version-history":[{"count":1,"href":"https:\/\/www.revistasur.cl\/revistasur.cl\/wp-json\/wp\/v2\/posts\/5797\/revisions"}],"predecessor-version":[{"id":5803,"href":"https:\/\/www.revistasur.cl\/revistasur.cl\/wp-json\/wp\/v2\/posts\/5797\/revisions\/5803"}],"wp:featuredmedia":[{"embeddable":true,"href":"https:\/\/www.revistasur.cl\/revistasur.cl\/wp-json\/wp\/v2\/media\/5798"}],"wp:attachment":[{"href":"https:\/\/www.revistasur.cl\/revistasur.cl\/wp-json\/wp\/v2\/media?parent=5797"}],"wp:term":[{"taxonomy":"category","embeddable":true,"href":"https:\/\/www.revistasur.cl\/revistasur.cl\/wp-json\/wp\/v2\/categories?post=5797"},{"taxonomy":"post_tag","embeddable":true,"href":"https:\/\/www.revistasur.cl\/revistasur.cl\/wp-json\/wp\/v2\/tags?post=5797"}],"curies":[{"name":"wp","href":"https:\/\/api.w.org\/{rel}","templated":true}]}}